{"id":4066,"date":"2021-08-05T12:00:38","date_gmt":"2021-08-05T13:00:38","guid":{"rendered":"https:\/\/raege-az.pt\/?p=4066"},"modified":"2022-03-04T14:30:08","modified_gmt":"2022-03-04T15:30:08","slug":"santa-maria-e-noticia-estacao-raege","status":"publish","type":"post","link":"https:\/\/raege-az.pt\/en\/santa-maria-e-noticia-estacao-raege\/","title":{"rendered":"Santa Maria is news: report Ana Paula Braga"},"content":{"rendered":"<div data-elementor-type=\"wp-post\" data-elementor-id=\"4066\" class=\"elementor elementor-4066\">\n\t\t\t\t\t\t<section class=\"elementor-section elementor-top-section elementor-element elementor-element-b750b3b elementor-section-boxed elementor-section-height-default elementor-section-height-default\" data-id=\"b750b3b\" data-element_type=\"section\">\n\t\t\t\t\t\t<div class=\"elementor-container elementor-column-gap-default\">\n\t\t\t\t\t<div class=\"elementor-column elementor-col-50 elementor-top-column elementor-element elementor-element-074f593\" data-id=\"074f593\" data-element_type=\"column\">\n\t\t\t<div class=\"elementor-widget-wrap elementor-element-populated\">\n\t\t\t\t\t\t<div class=\"elementor-element elementor-element-1b80dae2 elementor-widget elementor-widget-text-editor\" data-id=\"1b80dae2\" data-element_type=\"widget\" data-widget_type=\"text-editor.default\">\n\t\t\t\t<div class=\"elementor-widget-container\">\n\t\t\t\t\t\t\t\t\t<div class=\"kvgmc6g5 cxmmr5t8 oygrvhab hcukyx3x c1et5uql ii04i59q\"><p dir=\"auto\">On April 29, 2021, we received at the Santa Maria\u2019s RAEGE Station, Ana Paula Braga, a reporter from local radio \u201cClube Asas do Atl\u00e2ntico\u201d.<\/p><p dir=\"auto\">With the aim of showing the listeners of the local radio what is best done in Santa Maria Island, Ana Paula visited the RAEGE facilities where she took a guided tour and met all the team members.<\/p><p dir=\"auto\" class=\"translation-block\">The guided tour by the Station's director, Jo\u00e3o Salmim Ferreira, was based on a detailed explanation of the importance of a Fundamental Geodesic Station for the local and international community. Throughout the interview, he mentions that \u201cthere is some lack of knowledge\u201d on these topics because they are \u201crestricted areas and very reserved for some people, but we want to change that\u201c.<\/p><p dir=\"auto\" class=\"translation-block\">Topics such as the importance of the creation of RAEGE-Az (RAEGE Azores Association) in the provision of public service are presented \u201cIt makes no sense to have an infrastructure like this, which is unique not only nationally but also worldwide, here in Santa Maria without that locals, in some way, can\u2019t understand what is being done here and feel proud\u201c, referring to science communication as a declared mission of RAEGE-Az.<\/p><p dir=\"auto\">It is during the interview with Ana Paula Braga that Jo\u00e3o Salmim mentions the importance of RAEGE-Az in the creation of qualified employment in Santa Maria for the locals but, also, the investment in qualified human resources from other parts of Portugal and the world. The Santa Maria team, made up of 8 members until then, is proud to maintain that balance, 4 from Santa Maria Island and 4 from other parts of Portugal and the world.<\/p><p dir=\"auto\" class=\"translation-block\">When asked about the worldwide projection of Santa Maria\u2019s RAEGE Station, Jo\u00e3o Salmim Ferreira states that \u201cSanta Maria Station is spoken at an international level without the locals realizing it, it is spoken at NASA, or in Japan, Norway, in Germany, every day\u201d this is because the data collected at Santa Maria Station are effectively relevant not only nationally but internationally.<\/p><p dir=\"auto\" class=\"translation-block\">Full interview <a href=\"https:\/\/www.asasdoatlantico.pt\/noticias\/CAA11094.mp3?fbclid=IwAR0a6GswMGOJLN_1nV-RDTcvBgrI19RXEfM0m4M4-AxT-JQ2yiJLDY1QZDw\" target=\"_blank\" rel=\"noopener\"><b data-stringify-type=\"bold\">here<\/b><\/a>.<\/p><\/div>\t\t\t\t\t\t\t\t<\/div>\n\t\t\t\t<\/div>\n\t\t\t\t\t<\/div>\n\t\t<\/div>\n\t\t\t\t<div class=\"elementor-column elementor-col-50 elementor-top-column elementor-element elementor-element-333dc43\" data-id=\"333dc43\" data-element_type=\"column\">\n\t\t\t<div class=\"elementor-widget-wrap elementor-element-populated\">\n\t\t\t\t\t\t<div class=\"elementor-element elementor-element-c2326e1 elementor-widget elementor-widget-image\" data-id=\"c2326e1\" data-element_type=\"widget\" data-widget_type=\"image.default\">\n\t\t\t\t<div class=\"elementor-widget-container\">\n\t\t\t\t\t\t\t\t\t\t\t\t\t\t\t\t<a href=\"https:\/\/raege-az.pt\/wp-content\/uploads\/2021\/08\/reportagem-Asas-Clube-do-Atlantico.png\" data-elementor-open-lightbox=\"yes\" data-elementor-lightbox-title=\"reportagem Asas Clube do Atl\u00e2ntico\" data-e-action-hash=\"#elementor-action%3Aaction%3Dlightbox%26settings%3DeyJpZCI6NDA3MywidXJsIjoiaHR0cHM6XC9cL3JhZWdlLWF6LnB0XC93cC1jb250ZW50XC91cGxvYWRzXC8yMDIxXC8wOFwvcmVwb3J0YWdlbS1Bc2FzLUNsdWJlLWRvLUF0bGFudGljby5wbmcifQ%3D%3D\">\n\t\t\t\t\t\t\t<img fetchpriority=\"high\" decoding=\"async\" width=\"1024\" height=\"1024\" src=\"https:\/\/raege-az.pt\/wp-content\/uploads\/2021\/08\/reportagem-Asas-Clube-do-Atlantico-1024x1024.png\" class=\"attachment-large size-large wp-image-4073\" alt=\"\" srcset=\"https:\/\/raege-az.pt\/wp-content\/uploads\/2021\/08\/reportagem-Asas-Clube-do-Atlantico-1024x1024.png 1024w, https:\/\/raege-az.pt\/wp-content\/uploads\/2021\/08\/reportagem-Asas-Clube-do-Atlantico-300x300.png 300w, https:\/\/raege-az.pt\/wp-content\/uploads\/2021\/08\/reportagem-Asas-Clube-do-Atlantico-150x150.png 150w, https:\/\/raege-az.pt\/wp-content\/uploads\/2021\/08\/reportagem-Asas-Clube-do-Atlantico-768x768.png 768w, https:\/\/raege-az.pt\/wp-content\/uploads\/2021\/08\/reportagem-Asas-Clube-do-Atlantico-12x12.png 12w, https:\/\/raege-az.pt\/wp-content\/uploads\/2021\/08\/reportagem-Asas-Clube-do-Atlantico-24x24.png 24w, https:\/\/raege-az.pt\/wp-content\/uploads\/2021\/08\/reportagem-Asas-Clube-do-Atlantico-36x36.png 36w, https:\/\/raege-az.pt\/wp-content\/uploads\/2021\/08\/reportagem-Asas-Clube-do-Atlantico-48x48.png 48w, https:\/\/raege-az.pt\/wp-content\/uploads\/2021\/08\/reportagem-Asas-Clube-do-Atlantico.png 1080w\" sizes=\"(max-width: 1024px) 100vw, 1024px\" \/>\t\t\t\t\t\t\t\t<\/a>\n\t\t\t\t\t\t\t\t\t\t\t\t\t\t\t<\/div>\n\t\t\t\t<\/div>\n\t\t\t\t<div class=\"elementor-element elementor-element-7fe178e elementor-widget elementor-widget-image\" data-id=\"7fe178e\" data-element_type=\"widget\" data-widget_type=\"image.default\">\n\t\t\t\t<div class=\"elementor-widget-container\">\n\t\t\t\t\t\t\t\t\t\t\t\t\t\t\t\t<a href=\"https:\/\/raege-az.pt\/wp-content\/uploads\/2021\/08\/01F0ZZFC6FKFMZ7VZTNDW9JVDJ.jpg\" data-elementor-open-lightbox=\"yes\" data-elementor-lightbox-title=\"01F0ZZFC6FKFMZ7VZTNDW9JVDJ\" data-e-action-hash=\"#elementor-action%3Aaction%3Dlightbox%26settings%3DeyJpZCI6NDA4OSwidXJsIjoiaHR0cHM6XC9cL3JhZWdlLWF6LnB0XC93cC1jb250ZW50XC91cGxvYWRzXC8yMDIxXC8wOFwvMDFGMFpaRkM2RktGTVo3VlpUTkRXOUpWREouanBnIn0%3D\">\n\t\t\t\t\t\t\t<img decoding=\"async\" width=\"1024\" height=\"689\" src=\"https:\/\/raege-az.pt\/wp-content\/uploads\/2021\/08\/01F0ZZFC6FKFMZ7VZTNDW9JVDJ-1024x689.jpg\" class=\"attachment-large size-large wp-image-4089\" alt=\"\" srcset=\"https:\/\/raege-az.pt\/wp-content\/uploads\/2021\/08\/01F0ZZFC6FKFMZ7VZTNDW9JVDJ-1024x689.jpg 1024w, https:\/\/raege-az.pt\/wp-content\/uploads\/2021\/08\/01F0ZZFC6FKFMZ7VZTNDW9JVDJ-300x202.jpg 300w, https:\/\/raege-az.pt\/wp-content\/uploads\/2021\/08\/01F0ZZFC6FKFMZ7VZTNDW9JVDJ-768x517.jpg 768w, https:\/\/raege-az.pt\/wp-content\/uploads\/2021\/08\/01F0ZZFC6FKFMZ7VZTNDW9JVDJ-1536x1033.jpg 1536w, https:\/\/raege-az.pt\/wp-content\/uploads\/2021\/08\/01F0ZZFC6FKFMZ7VZTNDW9JVDJ-2048x1378.jpg 2048w, https:\/\/raege-az.pt\/wp-content\/uploads\/2021\/08\/01F0ZZFC6FKFMZ7VZTNDW9JVDJ-18x12.jpg 18w, https:\/\/raege-az.pt\/wp-content\/uploads\/2021\/08\/01F0ZZFC6FKFMZ7VZTNDW9JVDJ-24x16.jpg 24w, https:\/\/raege-az.pt\/wp-content\/uploads\/2021\/08\/01F0ZZFC6FKFMZ7VZTNDW9JVDJ-36x24.jpg 36w, https:\/\/raege-az.pt\/wp-content\/uploads\/2021\/08\/01F0ZZFC6FKFMZ7VZTNDW9JVDJ-48x32.jpg 48w\" sizes=\"(max-width: 1024px) 100vw, 1024px\" \/>\t\t\t\t\t\t\t\t<\/a>\n\t\t\t\t\t\t\t\t\t\t\t\t\t\t\t<\/div>\n\t\t\t\t<\/div>\n\t\t\t\t\t<\/div>\n\t\t<\/div>\n\t\t\t\t\t<\/div>\n\t\t<\/section>\n\t\t\t\t<section class=\"elementor-section elementor-top-section elementor-element elementor-element-9ea2a84 elementor-section-boxed elementor-section-height-default elementor-section-height-default\" data-id=\"9ea2a84\" data-element_type=\"section\">\n\t\t\t\t\t\t<div class=\"elementor-container elementor-column-gap-default\">\n\t\t\t\t\t<div class=\"elementor-column elementor-col-100 elementor-top-column elementor-element elementor-element-2314e5d\" data-id=\"2314e5d\" data-element_type=\"column\">\n\t\t\t<div class=\"elementor-widget-wrap elementor-element-populated\">\n\t\t\t\t\t\t<div class=\"elementor-element elementor-element-f4e6869 elementor-widget elementor-widget-button\" data-id=\"f4e6869\" data-element_type=\"widget\" data-widget_type=\"button.default\">\n\t\t\t\t<div class=\"elementor-widget-container\">\n\t\t\t\t\t\t\t\t\t<div class=\"elementor-button-wrapper\">\n\t\t\t\t\t<a class=\"elementor-button elementor-button-link elementor-size-sm\" href=\"\/en\/noticias\/\">\n\t\t\t\t\t\t<span class=\"elementor-button-content-wrapper\">\n\t\t\t\t\t\t\t\t\t<span class=\"elementor-button-text\">Back to news page<\/span>\n\t\t\t\t\t<\/span>\n\t\t\t\t\t<\/a>\n\t\t\t\t<\/div>\n\t\t\t\t\t\t\t\t<\/div>\n\t\t\t\t<\/div>\n\t\t\t\t\t<\/div>\n\t\t<\/div>\n\t\t\t\t\t<\/div>\n\t\t<\/section>\n\t\t\t\t<\/div>","protected":false},"excerpt":{"rendered":"<p>No dia\u00a029 abril de 2021\u00a0recebemos na Esta\u00e7\u00e3o RAEGE de Santa Maria, Ana Paula Braga rep\u00f3rter da r\u00e1dio Clube Asas do Atl\u00e2ntico. Com o objetivo de fazer chegar aos ouvintes da r\u00e1dio local o que melhor se faz em Santa Maria, Ana Paula visitou as instala\u00e7\u00f5es da RAEGE de Santa Maria onde fez uma visita guiada [&hellip;]<\/p>","protected":false},"author":1,"featured_media":4073,"comment_status":"closed","ping_status":"open","sticky":false,"template":"","format":"standard","meta":{"site-sidebar-layout":"default","site-content-layout":"default","ast-site-content-layout":"","site-content-style":"default","site-sidebar-style":"default","ast-global-header-display":"","ast-banner-title-visibility":"","ast-main-header-display":"","ast-hfb-above-header-display":"","ast-hfb-below-header-display":"","ast-hfb-mobile-header-display":"","site-post-title":"","ast-breadcrumbs-content":"","ast-featured-img":"","footer-sml-layout":"","theme-transparent-header-meta":"default","adv-header-id-meta":"","stick-header-meta":"","header-above-stick-meta":"","header-main-stick-meta":"","header-below-stick-meta":"","astra-migrate-meta-layouts":"default","ast-page-background-enabled":"default","ast-page-background-meta":{"desktop":{"background-color":"","background-image":"","background-repeat":"repeat","background-position":"center center","background-size":"auto","background-attachment":"scroll","background-type":"","background-media":"","overlay-type":"","overlay-color":"","overlay-opacity":"","overlay-gradient":""},"tablet":{"background-color":"","background-image":"","background-repeat":"repeat","background-position":"center center","background-size":"auto","background-attachment":"scroll","background-type":"","background-media":"","overlay-type":"","overlay-color":"","overlay-opacity":"","overlay-gradient":""},"mobile":{"background-color":"","background-image":"","background-repeat":"repeat","background-position":"center center","background-size":"auto","background-attachment":"scroll","background-type":"","background-media":"","overlay-type":"","overlay-color":"","overlay-opacity":"","overlay-gradient":""}},"ast-content-background-meta":{"desktop":{"background-color":"var(--ast-global-color-5)","background-image":"","background-repeat":"repeat","background-position":"center center","background-size":"auto","background-attachment":"scroll","background-type":"","background-media":"","overlay-type":"","overlay-color":"","overlay-opacity":"","overlay-gradient":""},"tablet":{"background-color":"var(--ast-global-color-5)","background-image":"","background-repeat":"repeat","background-position":"center center","background-size":"auto","background-attachment":"scroll","background-type":"","background-media":"","overlay-type":"","overlay-color":"","overlay-opacity":"","overlay-gradient":""},"mobile":{"background-color":"var(--ast-global-color-5)","background-image":"","background-repeat":"repeat","background-position":"center center","background-size":"auto","background-attachment":"scroll","background-type":"","background-media":"","overlay-type":"","overlay-color":"","overlay-opacity":"","overlay-gradient":""}},"footnotes":""},"categories":[19],"tags":[],"class_list":["post-4066","post","type-post","status-publish","format-standard","has-post-thumbnail","hentry","category-noticias"],"yoast_head":"<!-- This site is optimized with the Yoast SEO plugin v25.5 - https:\/\/yoast.com\/wordpress\/plugins\/seo\/ -->\n<title>Santa Maria \u00e9 not\u00edcia: reportagem Ana Paula Braga - RAEGE-Az<\/title>\n<meta name=\"robots\" content=\"index, follow, max-snippet:-1, max-image-preview:large, max-video-preview:-1\" \/>\n<link rel=\"canonical\" href=\"https:\/\/raege-az.pt\/en\/santa-maria-e-noticia-estacao-raege\/\" \/>\n<meta property=\"og:locale\" content=\"en_GB\" \/>\n<meta property=\"og:type\" content=\"article\" \/>\n<meta property=\"og:title\" content=\"Santa Maria \u00e9 not\u00edcia: reportagem Ana Paula Braga - RAEGE-Az\" \/>\n<meta property=\"og:description\" content=\"No dia\u00a029 abril de 2021\u00a0recebemos na Esta\u00e7\u00e3o RAEGE de Santa Maria, Ana Paula Braga rep\u00f3rter da r\u00e1dio Clube Asas do Atl\u00e2ntico. Com o objetivo de fazer chegar aos ouvintes da r\u00e1dio local o que melhor se faz em Santa Maria, Ana Paula visitou as instala\u00e7\u00f5es da RAEGE de Santa Maria onde fez uma visita guiada [&hellip;]\" \/>\n<meta property=\"og:url\" content=\"https:\/\/raege-az.pt\/en\/santa-maria-e-noticia-estacao-raege\/\" \/>\n<meta property=\"og:site_name\" content=\"RAEGE-Az\" \/>\n<meta property=\"article:publisher\" content=\"https:\/\/www.facebook.com\/raege.az\" \/>\n<meta property=\"article:published_time\" content=\"2021-08-05T13:00:38+00:00\" \/>\n<meta property=\"article:modified_time\" content=\"2022-03-04T15:30:08+00:00\" \/>\n<meta property=\"og:image\" content=\"https:\/\/raege-az.pt\/wp-content\/uploads\/2021\/08\/reportagem-Asas-Clube-do-Atlantico.png\" \/>\n\t<meta property=\"og:image:width\" content=\"1080\" \/>\n\t<meta property=\"og:image:height\" content=\"1080\" \/>\n\t<meta property=\"og:image:type\" content=\"image\/png\" \/>\n<meta name=\"author\" content=\"admin\" \/>\n<meta name=\"twitter:card\" content=\"summary_large_image\" \/>\n<meta name=\"twitter:label1\" content=\"Written by\" \/>\n\t<meta name=\"twitter:data1\" content=\"admin\" \/>\n\t<meta name=\"twitter:label2\" content=\"Est. reading time\" \/>\n\t<meta name=\"twitter:data2\" content=\"2 minutes\" \/>\n<script type=\"application\/ld+json\" class=\"yoast-schema-graph\">{\"@context\":\"https:\/\/schema.org\",\"@graph\":[{\"@type\":\"Article\",\"@id\":\"https:\/\/raege-az.pt\/santa-maria-e-noticia-estacao-raege\/#article\",\"isPartOf\":{\"@id\":\"https:\/\/raege-az.pt\/santa-maria-e-noticia-estacao-raege\/\"},\"author\":{\"name\":\"admin\",\"@id\":\"https:\/\/raege-az.pt\/en\/#\/schema\/person\/18312cab60131e2890511f343fbbd7a7\"},\"headline\":\"Santa Maria \u00e9 not\u00edcia: reportagem Ana Paula Braga\",\"datePublished\":\"2021-08-05T13:00:38+00:00\",\"dateModified\":\"2022-03-04T15:30:08+00:00\",\"mainEntityOfPage\":{\"@id\":\"https:\/\/raege-az.pt\/santa-maria-e-noticia-estacao-raege\/\"},\"wordCount\":371,\"publisher\":{\"@id\":\"https:\/\/raege-az.pt\/en\/#organization\"},\"image\":{\"@id\":\"https:\/\/raege-az.pt\/santa-maria-e-noticia-estacao-raege\/#primaryimage\"},\"thumbnailUrl\":\"https:\/\/raege-az.pt\/wp-content\/uploads\/2021\/08\/reportagem-Asas-Clube-do-Atlantico.png\",\"articleSection\":[\"Not\u00edcias\"],\"inLanguage\":\"en-GB\"},{\"@type\":\"WebPage\",\"@id\":\"https:\/\/raege-az.pt\/santa-maria-e-noticia-estacao-raege\/\",\"url\":\"https:\/\/raege-az.pt\/santa-maria-e-noticia-estacao-raege\/\",\"name\":\"Santa Maria \u00e9 not\u00edcia: reportagem Ana Paula Braga - RAEGE-Az\",\"isPartOf\":{\"@id\":\"https:\/\/raege-az.pt\/en\/#website\"},\"primaryImageOfPage\":{\"@id\":\"https:\/\/raege-az.pt\/santa-maria-e-noticia-estacao-raege\/#primaryimage\"},\"image\":{\"@id\":\"https:\/\/raege-az.pt\/santa-maria-e-noticia-estacao-raege\/#primaryimage\"},\"thumbnailUrl\":\"https:\/\/raege-az.pt\/wp-content\/uploads\/2021\/08\/reportagem-Asas-Clube-do-Atlantico.png\",\"datePublished\":\"2021-08-05T13:00:38+00:00\",\"dateModified\":\"2022-03-04T15:30:08+00:00\",\"breadcrumb\":{\"@id\":\"https:\/\/raege-az.pt\/santa-maria-e-noticia-estacao-raege\/#breadcrumb\"},\"inLanguage\":\"en-GB\",\"potentialAction\":[{\"@type\":\"ReadAction\",\"target\":[\"https:\/\/raege-az.pt\/santa-maria-e-noticia-estacao-raege\/\"]}]},{\"@type\":\"ImageObject\",\"inLanguage\":\"en-GB\",\"@id\":\"https:\/\/raege-az.pt\/santa-maria-e-noticia-estacao-raege\/#primaryimage\",\"url\":\"https:\/\/raege-az.pt\/wp-content\/uploads\/2021\/08\/reportagem-Asas-Clube-do-Atlantico.png\",\"contentUrl\":\"https:\/\/raege-az.pt\/wp-content\/uploads\/2021\/08\/reportagem-Asas-Clube-do-Atlantico.png\",\"width\":1080,\"height\":1080},{\"@type\":\"BreadcrumbList\",\"@id\":\"https:\/\/raege-az.pt\/santa-maria-e-noticia-estacao-raege\/#breadcrumb\",\"itemListElement\":[{\"@type\":\"ListItem\",\"position\":1,\"name\":\"In\u00edcio\",\"item\":\"https:\/\/raege-az.pt\/\"},{\"@type\":\"ListItem\",\"position\":2,\"name\":\"Santa Maria \u00e9 not\u00edcia: reportagem Ana Paula Braga\"}]},{\"@type\":\"WebSite\",\"@id\":\"https:\/\/raege-az.pt\/en\/#website\",\"url\":\"https:\/\/raege-az.pt\/en\/\",\"name\":\"RAEGE-Az\",\"description\":\"Associa\u00e7\u00e3o RAEGE A\u00e7ores\",\"publisher\":{\"@id\":\"https:\/\/raege-az.pt\/en\/#organization\"},\"alternateName\":\"RAEGE-Az\",\"potentialAction\":[{\"@type\":\"SearchAction\",\"target\":{\"@type\":\"EntryPoint\",\"urlTemplate\":\"https:\/\/raege-az.pt\/en\/?s={search_term_string}\"},\"query-input\":{\"@type\":\"PropertyValueSpecification\",\"valueRequired\":true,\"valueName\":\"search_term_string\"}}],\"inLanguage\":\"en-GB\"},{\"@type\":\"Organization\",\"@id\":\"https:\/\/raege-az.pt\/en\/#organization\",\"name\":\"RAEGE-Az\",\"url\":\"https:\/\/raege-az.pt\/en\/\",\"logo\":{\"@type\":\"ImageObject\",\"inLanguage\":\"en-GB\",\"@id\":\"https:\/\/raege-az.pt\/en\/#\/schema\/logo\/image\/\",\"url\":\"https:\/\/raege-az.pt\/wp-content\/uploads\/2021\/04\/1-e1618244466611.png\",\"contentUrl\":\"https:\/\/raege-az.pt\/wp-content\/uploads\/2021\/04\/1-e1618244466611.png\",\"width\":1380,\"height\":213,\"caption\":\"RAEGE-Az\"},\"image\":{\"@id\":\"https:\/\/raege-az.pt\/en\/#\/schema\/logo\/image\/\"},\"sameAs\":[\"https:\/\/www.facebook.com\/raege.az\"]},{\"@type\":\"Person\",\"@id\":\"https:\/\/raege-az.pt\/en\/#\/schema\/person\/18312cab60131e2890511f343fbbd7a7\",\"name\":\"admin\",\"image\":{\"@type\":\"ImageObject\",\"inLanguage\":\"en-GB\",\"@id\":\"https:\/\/raege-az.pt\/en\/#\/schema\/person\/image\/\",\"url\":\"https:\/\/secure.gravatar.com\/avatar\/908fc58b99dbaf77883c58b8b63c3058d050fa391b1bfdc1e4bcaf278c2caa59?s=96&d=mm&r=g\",\"contentUrl\":\"https:\/\/secure.gravatar.com\/avatar\/908fc58b99dbaf77883c58b8b63c3058d050fa391b1bfdc1e4bcaf278c2caa59?s=96&d=mm&r=g\",\"caption\":\"admin\"},\"sameAs\":[\"http:\/\/newsite.a-raege-az.pt\"],\"url\":\"https:\/\/raege-az.pt\/en\/author\/admin\/\"}]}<\/script>\n<!-- \/ Yoast SEO plugin. -->","yoast_head_json":{"title":"Santa Maria \u00e9 not\u00edcia: reportagem Ana Paula Braga - RAEGE-Az","robots":{"index":"index","follow":"follow","max-snippet":"max-snippet:-1","max-image-preview":"max-image-preview:large","max-video-preview":"max-video-preview:-1"},"canonical":"https:\/\/raege-az.pt\/en\/santa-maria-e-noticia-estacao-raege\/","og_locale":"en_GB","og_type":"article","og_title":"Santa Maria \u00e9 not\u00edcia: reportagem Ana Paula Braga - RAEGE-Az","og_description":"No dia\u00a029 abril de 2021\u00a0recebemos na Esta\u00e7\u00e3o RAEGE de Santa Maria, Ana Paula Braga rep\u00f3rter da r\u00e1dio Clube Asas do Atl\u00e2ntico. Com o objetivo de fazer chegar aos ouvintes da r\u00e1dio local o que melhor se faz em Santa Maria, Ana Paula visitou as instala\u00e7\u00f5es da RAEGE de Santa Maria onde fez uma visita guiada [&hellip;]","og_url":"https:\/\/raege-az.pt\/en\/santa-maria-e-noticia-estacao-raege\/","og_site_name":"RAEGE-Az","article_publisher":"https:\/\/www.facebook.com\/raege.az","article_published_time":"2021-08-05T13:00:38+00:00","article_modified_time":"2022-03-04T15:30:08+00:00","og_image":[{"width":1080,"height":1080,"url":"https:\/\/raege-az.pt\/wp-content\/uploads\/2021\/08\/reportagem-Asas-Clube-do-Atlantico.png","type":"image\/png"}],"author":"admin","twitter_card":"summary_large_image","twitter_misc":{"Written by":"admin","Est. reading time":"2 minutes"},"schema":{"@context":"https:\/\/schema.org","@graph":[{"@type":"Article","@id":"https:\/\/raege-az.pt\/santa-maria-e-noticia-estacao-raege\/#article","isPartOf":{"@id":"https:\/\/raege-az.pt\/santa-maria-e-noticia-estacao-raege\/"},"author":{"name":"admin","@id":"https:\/\/raege-az.pt\/en\/#\/schema\/person\/18312cab60131e2890511f343fbbd7a7"},"headline":"Santa Maria \u00e9 not\u00edcia: reportagem Ana Paula Braga","datePublished":"2021-08-05T13:00:38+00:00","dateModified":"2022-03-04T15:30:08+00:00","mainEntityOfPage":{"@id":"https:\/\/raege-az.pt\/santa-maria-e-noticia-estacao-raege\/"},"wordCount":371,"publisher":{"@id":"https:\/\/raege-az.pt\/en\/#organization"},"image":{"@id":"https:\/\/raege-az.pt\/santa-maria-e-noticia-estacao-raege\/#primaryimage"},"thumbnailUrl":"https:\/\/raege-az.pt\/wp-content\/uploads\/2021\/08\/reportagem-Asas-Clube-do-Atlantico.png","articleSection":["Not\u00edcias"],"inLanguage":"en-GB"},{"@type":"WebPage","@id":"https:\/\/raege-az.pt\/santa-maria-e-noticia-estacao-raege\/","url":"https:\/\/raege-az.pt\/santa-maria-e-noticia-estacao-raege\/","name":"Santa Maria \u00e9 not\u00edcia: reportagem Ana Paula Braga - RAEGE-Az","isPartOf":{"@id":"https:\/\/raege-az.pt\/en\/#website"},"primaryImageOfPage":{"@id":"https:\/\/raege-az.pt\/santa-maria-e-noticia-estacao-raege\/#primaryimage"},"image":{"@id":"https:\/\/raege-az.pt\/santa-maria-e-noticia-estacao-raege\/#primaryimage"},"thumbnailUrl":"https:\/\/raege-az.pt\/wp-content\/uploads\/2021\/08\/reportagem-Asas-Clube-do-Atlantico.png","datePublished":"2021-08-05T13:00:38+00:00","dateModified":"2022-03-04T15:30:08+00:00","breadcrumb":{"@id":"https:\/\/raege-az.pt\/santa-maria-e-noticia-estacao-raege\/#breadcrumb"},"inLanguage":"en-GB","potentialAction":[{"@type":"ReadAction","target":["https:\/\/raege-az.pt\/santa-maria-e-noticia-estacao-raege\/"]}]},{"@type":"ImageObject","inLanguage":"en-GB","@id":"https:\/\/raege-az.pt\/santa-maria-e-noticia-estacao-raege\/#primaryimage","url":"https:\/\/raege-az.pt\/wp-content\/uploads\/2021\/08\/reportagem-Asas-Clube-do-Atlantico.png","contentUrl":"https:\/\/raege-az.pt\/wp-content\/uploads\/2021\/08\/reportagem-Asas-Clube-do-Atlantico.png","width":1080,"height":1080},{"@type":"BreadcrumbList","@id":"https:\/\/raege-az.pt\/santa-maria-e-noticia-estacao-raege\/#breadcrumb","itemListElement":[{"@type":"ListItem","position":1,"name":"In\u00edcio","item":"https:\/\/raege-az.pt\/"},{"@type":"ListItem","position":2,"name":"Santa Maria \u00e9 not\u00edcia: reportagem Ana Paula Braga"}]},{"@type":"WebSite","@id":"https:\/\/raege-az.pt\/en\/#website","url":"https:\/\/raege-az.pt\/en\/","name":"RAEGE-Az","description":"Associa\u00e7\u00e3o RAEGE A\u00e7ores","publisher":{"@id":"https:\/\/raege-az.pt\/en\/#organization"},"alternateName":"RAEGE-Az","potentialAction":[{"@type":"SearchAction","target":{"@type":"EntryPoint","urlTemplate":"https:\/\/raege-az.pt\/en\/?s={search_term_string}"},"query-input":{"@type":"PropertyValueSpecification","valueRequired":true,"valueName":"search_term_string"}}],"inLanguage":"en-GB"},{"@type":"Organization","@id":"https:\/\/raege-az.pt\/en\/#organization","name":"RAEGE-Az","url":"https:\/\/raege-az.pt\/en\/","logo":{"@type":"ImageObject","inLanguage":"en-GB","@id":"https:\/\/raege-az.pt\/en\/#\/schema\/logo\/image\/","url":"https:\/\/raege-az.pt\/wp-content\/uploads\/2021\/04\/1-e1618244466611.png","contentUrl":"https:\/\/raege-az.pt\/wp-content\/uploads\/2021\/04\/1-e1618244466611.png","width":1380,"height":213,"caption":"RAEGE-Az"},"image":{"@id":"https:\/\/raege-az.pt\/en\/#\/schema\/logo\/image\/"},"sameAs":["https:\/\/www.facebook.com\/raege.az"]},{"@type":"Person","@id":"https:\/\/raege-az.pt\/en\/#\/schema\/person\/18312cab60131e2890511f343fbbd7a7","name":"admin","image":{"@type":"ImageObject","inLanguage":"en-GB","@id":"https:\/\/raege-az.pt\/en\/#\/schema\/person\/image\/","url":"https:\/\/secure.gravatar.com\/avatar\/908fc58b99dbaf77883c58b8b63c3058d050fa391b1bfdc1e4bcaf278c2caa59?s=96&d=mm&r=g","contentUrl":"https:\/\/secure.gravatar.com\/avatar\/908fc58b99dbaf77883c58b8b63c3058d050fa391b1bfdc1e4bcaf278c2caa59?s=96&d=mm&r=g","caption":"admin"},"sameAs":["http:\/\/newsite.a-raege-az.pt"],"url":"https:\/\/raege-az.pt\/en\/author\/admin\/"}]}},"_links":{"self":[{"href":"https:\/\/raege-az.pt\/en\/wp-json\/wp\/v2\/posts\/4066","targetHints":{"allow":["GET"]}}],"collection":[{"href":"https:\/\/raege-az.pt\/en\/wp-json\/wp\/v2\/posts"}],"about":[{"href":"https:\/\/raege-az.pt\/en\/wp-json\/wp\/v2\/types\/post"}],"author":[{"embeddable":true,"href":"https:\/\/raege-az.pt\/en\/wp-json\/wp\/v2\/users\/1"}],"replies":[{"embeddable":true,"href":"https:\/\/raege-az.pt\/en\/wp-json\/wp\/v2\/comments?post=4066"}],"version-history":[{"count":0,"href":"https:\/\/raege-az.pt\/en\/wp-json\/wp\/v2\/posts\/4066\/revisions"}],"wp:featuredmedia":[{"embeddable":true,"href":"https:\/\/raege-az.pt\/en\/wp-json\/wp\/v2\/media\/4073"}],"wp:attachment":[{"href":"https:\/\/raege-az.pt\/en\/wp-json\/wp\/v2\/media?parent=4066"}],"wp:term":[{"taxonomy":"category","embeddable":true,"href":"https:\/\/raege-az.pt\/en\/wp-json\/wp\/v2\/categories?post=4066"},{"taxonomy":"post_tag","embeddable":true,"href":"https:\/\/raege-az.pt\/en\/wp-json\/wp\/v2\/tags?post=4066"}],"curies":[{"name":"wp","href":"https:\/\/api.w.org\/{rel}","templated":true}]}}